[{"@context":"https:\/\/schema.org\/","@type":"Article","@id":"https:\/\/www.lqz.cz\/stylovy-a-originalni-diar\/#Article","mainEntityOfPage":"https:\/\/www.lqz.cz\/stylovy-a-originalni-diar\/","headline":"Stylov\u00fd a origin\u00e1ln\u00ed di\u00e1\u0159","name":"Stylov\u00fd a origin\u00e1ln\u00ed di\u00e1\u0159","description":"Pat\u0159\u00edte mezi ty, kte\u0159\u00ed si pot\u0159ebuj\u00ed v\u0161echno zapsat? Pokud si n\u011bco nezap\u00ed\u0161ete, tak na to zapomenete? Nejlep\u0161\u00ed v\u011bc, co m\u016f\u017eete&hellip;","datePublished":"2023-11-25","dateModified":"2023-11-25","author":{"@type":"Person","@id":"https:\/\/www.lqz.cz\/author\/#Person","name":"","url":"https:\/\/www.lqz.cz\/author\/","identifier":1,"image":{"@type":"ImageObject","@id":"https:\/\/secure.gravatar.com\/avatar\/633c8fb9866a4b0403353760c35030d9478298d226363320d7bf91cdc3dbe3b6?s=96&d=mm&r=g","url":"https:\/\/secure.gravatar.com\/avatar\/633c8fb9866a4b0403353760c35030d9478298d226363320d7bf91cdc3dbe3b6?s=96&d=mm&r=g","height":96,"width":96}},"publisher":{"@type":"Organization","name":"lqz.cz","logo":{"@type":"ImageObject","@id":"\/logo.png","url":"\/logo.png","width":600,"height":60}},"url":"https:\/\/www.lqz.cz\/stylovy-a-originalni-diar\/","wordCount":264,"articleBody":"Pat\u0159\u00edte mezi ty, kte\u0159\u00ed si pot\u0159ebuj\u00ed v\u0161echno zapsat? Pokud si n\u011bco nezap\u00ed\u0161ete, tak na to zapomenete? Nejlep\u0161\u00ed v\u011bc, co m\u016f\u017eete ud\u011blat, je nosit po\u0159\u00e1d u sebe n\u011bco, kam si v\u0161echno zap\u00ed\u0161ete. Na\u0161e origin\u00e1ln\u00ed di\u00e1\u0159e V\u00e1m skv\u011ble poslou\u017e\u00ed. Jsou vyr\u00e1b\u011bny z prav\u00e9 k\u016f\u017ee, tak\u017ee V\u00e1m vydr\u017e\u00ed celou \u0159adu let. Nemluv\u011b o tom, \u017ee k\u016f\u017ee je opravdu stylov\u00e1. Ka\u017ed\u00fd V\u00e1m bude z\u00e1vid\u011bt. Koukn\u011bte se na n\u00e1\u0161 web, kde naleznete bohatou nab\u00eddku a n\u011bco si z n\u00ed vyberte. Pokud ale budete cht\u00edt n\u011bco sv\u00e9ho, m\u00e1te v hlav\u011b p\u0159edstavu, jak by to v\u0161echno m\u011blo vypadat, tak to pro n\u00e1s nen\u00ed \u017e\u00e1dn\u00fd probl\u00e9m. Sta\u010d\u00ed napsat a my se s V\u00e1mi domluv\u00edme a ud\u011bl\u00e1me V\u00e1m to p\u0159esn\u011b dle Va\u0161ich p\u0159edstav.Maxim\u00e1ln\u00ed spokojenostP\u0159ipojte se i Vy k cel\u00e9 \u0159ad\u011b na\u0161ich spokojen\u00fdch z\u00e1kazn\u00edk\u016f. Kvalita je pro n\u00e1s nejd\u016fle\u017eit\u011bj\u0161\u00ed. Proto v\u0161e vyr\u00e1b\u00edme ru\u010dn\u011b s d\u016frazem na kvalitu. Objednejte si u n\u00e1s t\u0159eba hned, a\u00b4t na nic nemus\u00edte myslet a m\u016f\u017eete si v\u0161e v klidu zapsat. Pokud sh\u00e1n\u00edte pro n\u011bkoho d\u00e1rek, tak tohle bude ta spr\u00e1vn\u00e1 volba. Darujete tak n\u011bco praktick\u00e9ho a opravdu osobit\u00e9ho a luxusn\u00edho. T\u00edmhle nic nezkaz\u00edte, to n\u00e1m v\u011b\u0159te.                                                                                                                                                                                                                                                                                                                                                                                                "},{"@context":"https:\/\/schema.org\/","@type":"BreadcrumbList","itemListElement":[{"@type":"ListItem","position":1,"name":"Stylov\u00fd a origin\u00e1ln\u00ed di\u00e1\u0159","item":"https:\/\/www.lqz.cz\/stylovy-a-originalni-diar\/#breadcrumbitem"}]}]