[{"@context":"https:\/\/schema.org\/","@type":"Article","@id":"https:\/\/www.lqz.cz\/skvele-uskladneni\/#Article","mainEntityOfPage":"https:\/\/www.lqz.cz\/skvele-uskladneni\/","headline":"Skv\u011bl\u00e9 uskladn\u011bn\u00ed","name":"Skv\u011bl\u00e9 uskladn\u011bn\u00ed","description":"Dlouho hled\u00e1te n\u011bjakou mo\u017enost, jak byste nejl\u00e9pe uskladnili k\u00e1vu, kterou si dom\u016f kupujete? Pot\u0159ebujete ji d\u00e1t na n\u011bjak\u00e9 such\u00e9 m\u00edsto,&hellip;","datePublished":"2025-08-29","dateModified":"2025-08-29","author":{"@type":"Person","@id":"https:\/\/www.lqz.cz\/author\/#Person","name":"","url":"https:\/\/www.lqz.cz\/author\/","identifier":1,"image":{"@type":"ImageObject","@id":"https:\/\/secure.gravatar.com\/avatar\/633c8fb9866a4b0403353760c35030d9478298d226363320d7bf91cdc3dbe3b6?s=96&d=mm&r=g","url":"https:\/\/secure.gravatar.com\/avatar\/633c8fb9866a4b0403353760c35030d9478298d226363320d7bf91cdc3dbe3b6?s=96&d=mm&r=g","height":96,"width":96}},"publisher":{"@type":"Organization","name":"lqz.cz","logo":{"@type":"ImageObject","@id":"\/logo.png","url":"\/logo.png","width":600,"height":60}},"url":"https:\/\/www.lqz.cz\/skvele-uskladneni\/","wordCount":250,"articleBody":"Dlouho hled\u00e1te n\u011bjakou mo\u017enost, jak byste nejl\u00e9pe uskladnili k\u00e1vu, kterou si dom\u016f kupujete? Pot\u0159ebujete ji d\u00e1t na n\u011bjak\u00e9 such\u00e9 m\u00edsto, kde by se j\u00ed nic nestalo a st\u00e1le si dr\u017eela svou lahodnou chu\u0165 i v\u016fni? Mohli bychom v\u00e1m pomoci, proto\u017ee v na\u0161em \u0161irok\u00e9m sortimentu najdete tak\u00e9 d\u00f3zy na k\u00e1vu, kter\u00e9 jsou t\u00edm nejlep\u0161\u00edm m\u00edstem pro jej\u00ed uchov\u00e1n\u00ed. Zrnkov\u00e1 i instantn\u00ed k\u00e1va budou v\u017edy \u010derstv\u00e9, nezvlhnout a t\u00edm p\u00e1dem se m\u016f\u017eete t\u011b\u0161it na zn\u00e1mou a p\u0159\u00edjemnou v\u016fni i chu\u0165. Modern\u00ed design Krom\u011b toho, \u017ee z\u00edsk\u00e1te prostor pro skladov\u00e1n\u00ed sv\u00e9 lahodn\u00e9 k\u00e1vy, m\u016f\u017eete se t\u011b\u0161it tak\u00e9 na p\u011bknou modern\u00ed d\u00f3zu, kter\u00e1 se v\u00e1m bude hodit jak do kuchyn\u011b, tak do ob\u00fdvac\u00edho pokoje. N\u00e1v\u0161t\u011bvy v\u00e1m ji budou z\u00e1vid\u011bt, proto\u017ee krom\u011b motivu k\u00e1vy jsou na n\u00ed nati\u0161t\u011bn\u00e9 vlajky st\u00e1tu, ze kter\u00e9ho dan\u00fd typ k\u00e1vy poch\u00e1z\u00ed. Vyzkou\u0161ejte tento produkt pr\u00e1v\u011b od n\u00e1s a nebudete litovat. Pokud byste m\u011bli jakoukoli ot\u00e1zku, ur\u010dit\u011b se na n\u00e1s obra\u0165te a my v\u00e1m velice r\u00e1di poskytneme odpov\u011b\u010f \u010di pomocnou ruku p\u0159i v\u00fdb\u011bru a\u0165 u\u017e k\u00e1vy, \u010daje nebo n\u011bjak\u00e9ho n\u00e1dob\u00ed, jako jsou hrnky \u010di \u0161\u00e1lky s pod\u0161\u00e1lky.                                                                                                                                                                                                                                                                                                                                                                                                "},{"@context":"https:\/\/schema.org\/","@type":"BreadcrumbList","itemListElement":[{"@type":"ListItem","position":1,"name":"Skv\u011bl\u00e9 uskladn\u011bn\u00ed","item":"https:\/\/www.lqz.cz\/skvele-uskladneni\/#breadcrumbitem"}]}]