[{"@context":"https:\/\/schema.org\/","@type":"Article","@id":"https:\/\/www.lqz.cz\/mlade-divky-a-krasa\/#Article","mainEntityOfPage":"https:\/\/www.lqz.cz\/mlade-divky-a-krasa\/","headline":"Mlad\u00e9 d\u00edvky a kr\u00e1sa","name":"Mlad\u00e9 d\u00edvky a kr\u00e1sa","description":"Jestli\u017ee v\u00a0dne\u0161n\u00ed dob\u011b n\u011bkdo db\u00e1 na sv\u016fj vzhled, a to mo\u017en\u00e1 v\u00edce, ne\u017e by bylo v\u00a0jejich v\u011bku vhodn\u00e9, pak jsou&hellip;","datePublished":"2023-06-28","dateModified":"2023-06-28","author":{"@type":"Person","@id":"https:\/\/www.lqz.cz\/author\/#Person","name":"","url":"https:\/\/www.lqz.cz\/author\/","identifier":1,"image":{"@type":"ImageObject","@id":"https:\/\/secure.gravatar.com\/avatar\/633c8fb9866a4b0403353760c35030d9478298d226363320d7bf91cdc3dbe3b6?s=96&d=mm&r=g","url":"https:\/\/secure.gravatar.com\/avatar\/633c8fb9866a4b0403353760c35030d9478298d226363320d7bf91cdc3dbe3b6?s=96&d=mm&r=g","height":96,"width":96}},"publisher":{"@type":"Organization","name":"lqz.cz","logo":{"@type":"ImageObject","@id":"\/logo.png","url":"\/logo.png","width":600,"height":60}},"image":{"@type":"ImageObject","@id":"https:\/\/www.lqz.cz\/wp-content\/uploads\/manicure-870857_640_2.jpg","url":"https:\/\/www.lqz.cz\/wp-content\/uploads\/manicure-870857_640_2.jpg","height":0,"width":0},"url":"https:\/\/www.lqz.cz\/mlade-divky-a-krasa\/","about":["Kr\u00e1sa"],"wordCount":438,"articleBody":"Jestli\u017ee v\u00a0dne\u0161n\u00ed dob\u011b n\u011bkdo db\u00e1 na sv\u016fj vzhled, a to mo\u017en\u00e1 v\u00edce, ne\u017e by bylo v\u00a0jejich v\u011bku vhodn\u00e9, pak jsou to mlad\u00e9 d\u00edvky. V\u00a0dne\u0161n\u00ed dob\u011b je to dokonce tak, \u017ee i d\u00edvka, kter\u00e1 m\u00e1 12 let, se o sebe star\u00e1 mnohem v\u00edce ne\u017e \u017eena, kter\u00e9 je nap\u0159\u00edklad kolem 25 let. Nejen\u017ee se o sebe dan\u00e9 d\u00edvky staraj\u00ed, ale tak\u00e9 se mnohem v\u00edce v\u011bnuj\u00ed kosmetice, m\u00f3d\u011b apod. Na jednu stranu je hezk\u00e9, \u017ee se o sebe d\u00edvky staraj\u00ed, ale na druhou stranu jsou v\u011bci, kter\u00e9 jsou velmi smutn\u00e9 a to proto, \u017ee m\u00edsto toho, aby se takov\u00e1 d\u00edvka maxim\u00e1ln\u011b v\u011bnovala \u0161kole nebo sv\u00fdm kon\u00ed\u010dk\u016fm a to proto, aby z\u00a0dan\u00e9 d\u00edvky jednou n\u011bco bylo, tak se v\u011bnuje t\u011bmto v\u011bcem. Je pochopiteln\u00e9, \u017ee ka\u017ed\u00fd \u010dlov\u011bk se chce n\u011bkomu zal\u00edbit, ale zejm\u00e9na mlad\u00e9 d\u00edvky maj\u00ed tendenci to p\u0159eh\u00e1n\u011bt. Kdy\u017e \u010dlov\u011bk n\u011bkde potk\u00e1 d\u00edvku, kter\u00e9 je okolo 12 let, kter\u00e1 je nevhodn\u011b oble\u010den\u00e1 a je zmalovan\u00e1 natolik, \u017ee by si \u010dlov\u011bk myslel, \u017ee je dan\u00e9 d\u00edvce ji\u017e 18 let, rozhodn\u011b to nen\u00ed ide\u00e1ln\u00ed. Pr\u00e1v\u011b kv\u016fli tomu, \u017ee ze sebe d\u00edvky kolikr\u00e1t d\u011blaj\u00ed star\u0161\u00ed, doch\u00e1z\u00ed k\u00a0tomu, \u017ee se mu\u017ei kolikr\u00e1t div\u00ed, kdy\u017e jim dan\u00e1 d\u00edvka \u0159ekne, kolik j\u00ed skute\u010dn\u011b je. Zejm\u00e9na mlad\u00e9 d\u00edvky si neuv\u011bdomuj\u00ed, \u017ee t\u00edm, jak se obl\u00e9kaj\u00ed a jak se maluj\u00ed, se mohou dostat do probl\u00e9mov\u00fdch situac\u00ed. Dan\u00e9 d\u00edvky kv\u016fli tomu pot\u00e9 mohou m\u00edt psychick\u00e9 probl\u00e9my.Je skute\u010dn\u011b hezk\u00e9, kdy\u017e m\u00e1 \u010dlov\u011bk tendenci se o sebe starat, ale nic by se nem\u011blo p\u0159eh\u00e1n\u011bt, a hlavn\u011b by se n\u011bco takov\u00e9ho m\u011blo p\u0159izp\u016fsobit v\u011bku dan\u00e9ho \u010dlov\u011bka. D\u00edvky okolo 12 let by m\u011bly m\u00edt \u00fapln\u011b jin\u00e9 z\u00e1jmy, ne\u017e je m\u00f3da a kosmetika. Pokud se zamysl\u00edte, ur\u010dit\u011b i vy dojdete k\u00a0n\u00e1zoru, \u017ee jste m\u011bli ve 12 letech m\u011bli \u00fapln\u011b jin\u00e9 z\u00e1jmy, ne\u017e maj\u00ed dne\u0161n\u00ed d\u011bti. Je sice pravdou, \u017ee se doba m\u011bn\u00ed, ale v\u00a0ur\u010dit\u00fdch v\u011bcech nikoliv k\u00a0lep\u0161\u00edmu, jak si mohou n\u011bkte\u0159\u00ed myslet. Cel\u00e1 \u0159ada v\u011bc\u00ed m\u00e1 na dne\u0161n\u00ed d\u011bti velk\u00fd vliv. Ne v\u017edy se jedn\u00e1 o vliv dobr\u00fd, kter\u00fd by nebyl na \u0161kodu. Bylo by dobr\u00e9 se zamyslet.                                                                                                                                                                                                                                                                                                                                                                                                "},{"@context":"https:\/\/schema.org\/","@type":"BreadcrumbList","itemListElement":[{"@type":"ListItem","position":1,"name":"Mlad\u00e9 d\u00edvky a kr\u00e1sa","item":"https:\/\/www.lqz.cz\/mlade-divky-a-krasa\/#breadcrumbitem"}]}]