[{"@context":"https:\/\/schema.org\/","@type":"Article","@id":"https:\/\/www.lqz.cz\/jak-se-spravne-oblekat\/#Article","mainEntityOfPage":"https:\/\/www.lqz.cz\/jak-se-spravne-oblekat\/","headline":"Jak se spr\u00e1vn\u011b obl\u00e9kat","name":"Jak se spr\u00e1vn\u011b obl\u00e9kat","description":"Jin\u00fd kraj, jin\u00fd mrav. Tato moudrost plat\u00ed v lec\u010dem, obl\u00e9k\u00e1n\u00ed pak nevyj\u00edmaje. Zat\u00edmco je v jedn\u00e9 zemi \u010dlov\u011bk se sv\u00fdm&hellip;","datePublished":"2018-12-26","dateModified":"2018-12-26","author":{"@type":"Person","@id":"https:\/\/www.lqz.cz\/author\/#Person","name":"","url":"https:\/\/www.lqz.cz\/author\/","identifier":1,"image":{"@type":"ImageObject","@id":"https:\/\/secure.gravatar.com\/avatar\/633c8fb9866a4b0403353760c35030d9478298d226363320d7bf91cdc3dbe3b6?s=96&d=mm&r=g","url":"https:\/\/secure.gravatar.com\/avatar\/633c8fb9866a4b0403353760c35030d9478298d226363320d7bf91cdc3dbe3b6?s=96&d=mm&r=g","height":96,"width":96}},"publisher":{"@type":"Organization","name":"lqz.cz","logo":{"@type":"ImageObject","@id":"\/logo.png","url":"\/logo.png","width":600,"height":60}},"image":{"@type":"ImageObject","@id":"https:\/\/www.lqz.cz\/wp-content\/uploads\/img_a333100_w1980_t1546245583.jpg","url":"https:\/\/www.lqz.cz\/wp-content\/uploads\/img_a333100_w1980_t1546245583.jpg","height":0,"width":0},"url":"https:\/\/www.lqz.cz\/jak-se-spravne-oblekat\/","wordCount":529,"articleBody":"Jin\u00fd kraj, jin\u00fd mrav. Tato moudrost plat\u00ed v lec\u010dem, obl\u00e9k\u00e1n\u00ed pak nevyj\u00edmaje. Zat\u00edmco je v jedn\u00e9 zemi \u010dlov\u011bk se sv\u00fdm oble\u010den\u00edm pova\u017eov\u00e1n za jedince z lep\u0161\u00ed spole\u010dnosti, mohou nad n\u00edm jinde skoro ohrnovat nos, zat\u00edmco doma na n\u011bj hled\u00ed ned\u016fv\u011b\u0159iv\u011b, mohou ho jinde chv\u00e1lit za jeho neoby\u010dejn\u00fd vkus. Tak u\u017e tomu zkr\u00e1tka bylo, je a bude. Proto\u017ee co st\u00e1t, ba i region, to jin\u00e1 m\u00f3da, o \u010dem\u017e jsme pou\u010dov\u00e1ni znalci z t\u00e9to bran\u017ee nap\u0159\u00edklad na . Ve Skandin\u00e1vii se pr\u00fd t\u0159eba dlouhodob\u011b \u0159\u00edd\u00ed principem udr\u017eitelnosti a s\u00e1zej\u00ed tam hlavn\u011b na jednoduchost a kvalitn\u00ed materi\u00e1ly. T\u0159eba ve Finsku preferuj\u00ed jednoduch\u00e9 barvy, kup\u0159\u00edkladu modrou, b\u00edlou a \u0161edou. Ve Spojen\u00fdch st\u00e1tech se m\u00e1 v sou\u010dasnosti nech\u00e1vat mlad\u00e1 generace \u010dasto inspirovat tamn\u00edmi osmdes\u00e1t\u00fdmi l\u00e9ty, nos\u00ed se tam pr\u00fd dejme tomu boty VANS a Converse, v\u0161eobecn\u011b zn\u00e1m\u00e9 d\u017e\u00edny Levi\u2019s a v\u0161emo\u017en\u00e1 tri\u010dka s reklamn\u00edmi potisky, p\u0159i\u010dem\u017e nemus\u00ed j\u00edt v\u016fbec o zna\u010dkov\u00e9 v\u011bci, ale klidn\u011b i o n\u011bco u\u017e pou\u017eit\u00e9ho ze sek\u00e1\u010de. No a v Ji\u017en\u00ed Evrop\u011b je zase v\u0161echno \u00fapln\u011b jinak. V zem\u00edch jako \u0160pan\u011blsko a Portugalsko pr\u00fd fr\u010d\u00ed kreativita, barvy a zaj\u00edmav\u00e9 potisky, je\u017e se hod\u00ed do docela oby\u010dejn\u00e9 kancel\u00e1\u0159e stejn\u011b jako t\u0159eba na piknik v l\u016fnu mati\u010dky p\u0159\u00edrody. Prost\u011b co kraj, to n\u011bjak\u00e1 ta specifika, co zem\u011b, to n\u011bco p\u0159inejmen\u0161\u00edm krapet jin\u00e9ho. A\u0165 si u\u017e po l\u00e9ta panuj\u00edc\u00ed globalizace vel\u00ed, co chce, je tomu tak, a nezd\u00e1 se b\u00fdt pravd\u011bpodobn\u00fdm, \u017ee by v tomto ohledu m\u011bla n\u011bkdy v brzk\u00e9 dob\u011b nastat n\u011bjak\u00e1 radik\u00e1ln\u00ed zm\u011bna. I kdy\u017e co my v\u00edme, \u017ee? Kdy\u017e poslouch\u00e1me bruselsk\u00e9 p\u00e1ny a nejednou i ten p\u00e1rek na\u0161ich \u201edienstbier\u016f\u201c, nelze vylou\u010dit v\u016fbec nic. V\u010detn\u011b toho, \u017ee jednou tato honorace zavel\u00ed a nak\u00e1\u017ee n\u00e1m nosit to podle n\u00ed jedin\u00e9 a prav\u00e9, to, co se nosit pat\u0159\u00ed, v z\u00e1jmu domn\u011bl\u00fdch lep\u0161\u00edch z\u00edt\u0159k\u016f. A doufejme, \u017ee t\u00edm, co n\u00e1m nak\u00e1\u017eou nosit, nebudou alespo\u0148 hid\u017e\u00e1by a podobn\u00e1 prost\u011bradla. Ve jm\u00e9nu \u201ehumanity\u201c. Proto\u017ee to je pro zm\u011bnu oble\u010den\u00ed typick\u00e9 pro docela jinou \u010d\u00e1st sv\u011bta. Pro \u010d\u00e1st sv\u011bta, pro ni\u017e v posledn\u00edch letech nenal\u00e9z\u00e1me \u017e\u00e1dn\u00e9 zvl\u00e1\u0161tn\u00ed pochopen\u00ed a ona pro n\u00e1s jakbysmet. Je\u017e je pro n\u00e1s synonymem z\u00e1plavy t\u011bch, s nimi\u017e jsou tu nanejv\u00fd\u0161 tak trable, od nich\u017e nevze\u0161lo snad v\u016fbec nic dobr\u00e9ho. A nelze se tud\u00ed\u017e divit onomu odm\u00edt\u00e1n\u00ed. A m\u00e9mu tou\u017eebn\u00e9mu p\u0159\u00e1n\u00ed, abychom se i u n\u00e1s obl\u00e9kali rad\u011bji \u201epo na\u0161em\u201c. I kdyby to m\u011blo spo\u010d\u00edvat t\u0159eba v no\u0161en\u00ed r\u00e1diovky nebo zmijovky na hlav\u011b.                                                                                                                                                                                                                                                                                                                                                                                                "},{"@context":"https:\/\/schema.org\/","@type":"BreadcrumbList","itemListElement":[{"@type":"ListItem","position":1,"name":"Jak se spr\u00e1vn\u011b obl\u00e9kat","item":"https:\/\/www.lqz.cz\/jak-se-spravne-oblekat\/#breadcrumbitem"}]}]